{"id":699,"date":"2016-06-05T21:49:16","date_gmt":"2016-06-05T20:49:16","guid":{"rendered":"http:\/\/amayab.com\/?p=699"},"modified":"2016-08-23T16:55:08","modified_gmt":"2016-08-23T15:55:08","slug":"mariage-natacha-yohan","status":"publish","type":"post","link":"https:\/\/amaya.photos\/index.php\/2016\/06\/05\/mariage-natacha-yohan\/","title":{"rendered":"Mariage Natacha &#038; Yohan"},"content":{"rendered":"<p>Je vous pr\u00e9sente le mariage de Natacha et Yohan qui s&#8217;est d\u00e9roul\u00e9 dans le sud de la France vers Pau au magnifique <a href=\"http:\/\/www.domainedelucain.fr\/\">domaine de Lucain.<\/a><\/p>\n<p><img loading=\"lazy\" decoding=\"async\" class=\"alignnone wp-image-716\" src=\"http:\/\/amayab.com\/wp-content\/uploads\/2015\/09\/Mariage-36.jpg\" alt=\"Mariage-36\" width=\"400\" height=\"600\" srcset=\"https:\/\/amaya.photos\/wp-content\/uploads\/2015\/09\/Mariage-36.jpg 683w, https:\/\/amaya.photos\/wp-content\/uploads\/2015\/09\/Mariage-36-200x300.jpg 200w, https:\/\/amaya.photos\/wp-content\/uploads\/2015\/09\/Mariage-36-470x705.jpg 470w, https:\/\/amaya.photos\/wp-content\/uploads\/2015\/09\/Mariage-36-640x960.jpg 640w, https:\/\/amaya.photos\/wp-content\/uploads\/2015\/09\/Mariage-36-387x580.jpg 387w, https:\/\/amaya.photos\/wp-content\/uploads\/2015\/09\/Mariage-36-667x1000.jpg 667w\" sizes=\"auto, (max-width: 400px) 100vw, 400px\" \/>\u00a0<img loading=\"lazy\" decoding=\"async\" class=\"alignnone wp-image-717\" src=\"http:\/\/amayab.com\/wp-content\/uploads\/2015\/09\/Mariage-37-683x1024.jpg\" alt=\"Mariage-37\" width=\"400\" height=\"600\" srcset=\"https:\/\/amaya.photos\/wp-content\/uploads\/2015\/09\/Mariage-37.jpg 683w, https:\/\/amaya.photos\/wp-content\/uploads\/2015\/09\/Mariage-37-200x300.jpg 200w, https:\/\/amaya.photos\/wp-content\/uploads\/2015\/09\/Mariage-37-470x705.jpg 470w, https:\/\/amaya.photos\/wp-content\/uploads\/2015\/09\/Mariage-37-640x960.jpg 640w, https:\/\/amaya.photos\/wp-content\/uploads\/2015\/09\/Mariage-37-387x580.jpg 387w, https:\/\/amaya.photos\/wp-content\/uploads\/2015\/09\/Mariage-37-667x1000.jpg 667w\" sizes=\"auto, (max-width: 400px) 100vw, 400px\" \/><\/p>\n<p><img loading=\"lazy\" decoding=\"async\" class=\"alignnone wp-image-718\" src=\"http:\/\/amayab.com\/wp-content\/uploads\/2015\/09\/Mariage-38-200x300.jpg\" alt=\"Mariage-38\" width=\"400\" height=\"600\" srcset=\"https:\/\/amaya.photos\/wp-content\/uploads\/2015\/09\/Mariage-38-200x300.jpg 200w, https:\/\/amaya.photos\/wp-content\/uploads\/2015\/09\/Mariage-38.jpg 683w, https:\/\/amaya.photos\/wp-content\/uploads\/2015\/09\/Mariage-38-470x705.jpg 470w, https:\/\/amaya.photos\/wp-content\/uploads\/2015\/09\/Mariage-38-640x960.jpg 640w, https:\/\/amaya.photos\/wp-content\/uploads\/2015\/09\/Mariage-38-387x580.jpg 387w, https:\/\/amaya.photos\/wp-content\/uploads\/2015\/09\/Mariage-38-667x1000.jpg 667w\" sizes=\"auto, (max-width: 400px) 100vw, 400px\" \/><img loading=\"lazy\" decoding=\"async\" class=\"alignnone wp-image-711\" src=\"http:\/\/amayab.com\/wp-content\/uploads\/2016\/08\/Mariage-29-300x200.jpg\" alt=\"Mariage-29\" width=\"400\" height=\"267\" srcset=\"https:\/\/amaya.photos\/wp-content\/uploads\/2016\/08\/Mariage-29-300x200.jpg 300w, https:\/\/amaya.photos\/wp-content\/uploads\/2016\/08\/Mariage-29-768x512.jpg 768w, https:\/\/amaya.photos\/wp-content\/uploads\/2016\/08\/Mariage-29.jpg 1024w, https:\/\/amaya.photos\/wp-content\/uploads\/2016\/08\/Mariage-29-470x313.jpg 470w, https:\/\/amaya.photos\/wp-content\/uploads\/2016\/08\/Mariage-29-640x427.jpg 640w, https:\/\/amaya.photos\/wp-content\/uploads\/2016\/08\/Mariage-29-870x580.jpg 870w\" sizes=\"auto, (max-width: 400px) 100vw, 400px\" \/><\/p>\n<p>La c\u00e9r\u00e9monie s&#8217;est tenue en 2 \u00e9tapes, une premi\u00e8re partie \u00e0 la mairie<\/p>\n<p><img loading=\"lazy\" decoding=\"async\" class=\"alignnone size-medium wp-image-704\" src=\"http:\/\/amayab.com\/wp-content\/uploads\/2016\/08\/Mariage-22-300x200.jpg\" alt=\"Mariage-22\" width=\"300\" height=\"200\" srcset=\"https:\/\/amaya.photos\/wp-content\/uploads\/2016\/08\/Mariage-22-300x200.jpg 300w, https:\/\/amaya.photos\/wp-content\/uploads\/2016\/08\/Mariage-22-768x512.jpg 768w, https:\/\/amaya.photos\/wp-content\/uploads\/2016\/08\/Mariage-22.jpg 1024w, https:\/\/amaya.photos\/wp-content\/uploads\/2016\/08\/Mariage-22-470x313.jpg 470w, https:\/\/amaya.photos\/wp-content\/uploads\/2016\/08\/Mariage-22-640x427.jpg 640w, https:\/\/amaya.photos\/wp-content\/uploads\/2016\/08\/Mariage-22-870x580.jpg 870w\" sizes=\"auto, (max-width: 300px) 100vw, 300px\" \/><\/p>\n<p>Puis une c\u00e9r\u00e9monie non religieuse c\u00e9l\u00e9br\u00e9e par <a href=\"http:\/\/www.plume-evenements-petillants.fr\/\">Plume<\/a> au domaine. Le temps n&#8217;\u00e9tant pas de la partie, elle s&#8217;est d\u00e9roul\u00e9e \u00e0 l&#8217;int\u00e9rieur<\/p>\n<p><img loading=\"lazy\" decoding=\"async\" class=\"alignnone wp-image-719\" src=\"http:\/\/amayab.com\/wp-content\/uploads\/2015\/09\/Mariage-31-683x1024.jpg\" alt=\"Mariage-31\" width=\"267\" height=\"400\" srcset=\"https:\/\/amaya.photos\/wp-content\/uploads\/2015\/09\/Mariage-31.jpg 683w, https:\/\/amaya.photos\/wp-content\/uploads\/2015\/09\/Mariage-31-200x300.jpg 200w, https:\/\/amaya.photos\/wp-content\/uploads\/2015\/09\/Mariage-31-470x705.jpg 470w, https:\/\/amaya.photos\/wp-content\/uploads\/2015\/09\/Mariage-31-640x960.jpg 640w, https:\/\/amaya.photos\/wp-content\/uploads\/2015\/09\/Mariage-31-387x580.jpg 387w, https:\/\/amaya.photos\/wp-content\/uploads\/2015\/09\/Mariage-31-667x1000.jpg 667w\" sizes=\"auto, (max-width: 267px) 100vw, 267px\" \/> <img loading=\"lazy\" decoding=\"async\" class=\"alignnone size-medium wp-image-720\" src=\"http:\/\/amayab.com\/wp-content\/uploads\/2015\/09\/Mariage-32-200x300.jpg\" alt=\"Mariage-32\" width=\"200\" height=\"300\" srcset=\"https:\/\/amaya.photos\/wp-content\/uploads\/2015\/09\/Mariage-32-200x300.jpg 200w, https:\/\/amaya.photos\/wp-content\/uploads\/2015\/09\/Mariage-32.jpg 683w, https:\/\/amaya.photos\/wp-content\/uploads\/2015\/09\/Mariage-32-470x705.jpg 470w, https:\/\/amaya.photos\/wp-content\/uploads\/2015\/09\/Mariage-32-640x960.jpg 640w, https:\/\/amaya.photos\/wp-content\/uploads\/2015\/09\/Mariage-32-387x580.jpg 387w, https:\/\/amaya.photos\/wp-content\/uploads\/2015\/09\/Mariage-32-667x1000.jpg 667w\" sizes=\"auto, (max-width: 200px) 100vw, 200px\" \/><\/p>\n<p><img loading=\"lazy\" decoding=\"async\" class=\"alignnone wp-image-703 size-large\" src=\"http:\/\/amayab.com\/wp-content\/uploads\/2016\/08\/Mariage-20-1-1024x683.jpg\" alt=\"Mariage-20\" width=\"1024\" height=\"683\" srcset=\"https:\/\/amaya.photos\/wp-content\/uploads\/2016\/08\/Mariage-20-1.jpg 1024w, https:\/\/amaya.photos\/wp-content\/uploads\/2016\/08\/Mariage-20-1-300x200.jpg 300w, https:\/\/amaya.photos\/wp-content\/uploads\/2016\/08\/Mariage-20-1-768x512.jpg 768w, https:\/\/amaya.photos\/wp-content\/uploads\/2016\/08\/Mariage-20-1-470x313.jpg 470w, https:\/\/amaya.photos\/wp-content\/uploads\/2016\/08\/Mariage-20-1-640x427.jpg 640w, https:\/\/amaya.photos\/wp-content\/uploads\/2016\/08\/Mariage-20-1-870x580.jpg 870w\" sizes=\"auto, (max-width: 1024px) 100vw, 1024px\" \/><\/p>\n<p>Merci aux mari\u00e9s de m&#8217;avoir permis de partager cette fabuleuse journ\u00e9e avec eux.<\/p>\n","protected":false},"excerpt":{"rendered":"<p>Je vous pr\u00e9sente le mariage de Natacha et Yohan qui s&#8217;est d\u00e9roul\u00e9 dans le sud de la France vers Pau au magnifique domaine de Lucain. \u00a0 La c\u00e9r\u00e9monie s&#8217;est tenue en 2 \u00e9tapes, une premi\u00e8re partie \u00e0 la mairie Puis une c\u00e9r\u00e9monie non religieuse c\u00e9l\u00e9br\u00e9e par Plume au domaine. Le temps n&#8217;\u00e9tant pas de la partie, elle s&#8217;est d\u00e9roul\u00e9e \u00e0&#8230;<\/p>\n","protected":false},"author":3,"featured_media":703,"comment_status":"open","ping_status":"open","sticky":false,"template":"","format":"standard","meta":{"_exactmetrics_skip_tracking":false,"_exactmetrics_sitenote_active":false,"_exactmetrics_sitenote_note":"","_exactmetrics_sitenote_category":0,"footnotes":""},"categories":[26,25],"tags":[23,22,24],"class_list":["post-699","post","type-post","status-publish","format-standard","has-post-thumbnail","hentry","category-blog","category-mariage","tag-domaine-de-lucain","tag-mariage","tag-pau"],"_links":{"self":[{"href":"https:\/\/amaya.photos\/index.php\/wp-json\/wp\/v2\/posts\/699","targetHints":{"allow":["GET"]}}],"collection":[{"href":"https:\/\/amaya.photos\/index.php\/wp-json\/wp\/v2\/posts"}],"about":[{"href":"https:\/\/amaya.photos\/index.php\/wp-json\/wp\/v2\/types\/post"}],"author":[{"embeddable":true,"href":"https:\/\/amaya.photos\/index.php\/wp-json\/wp\/v2\/users\/3"}],"replies":[{"embeddable":true,"href":"https:\/\/amaya.photos\/index.php\/wp-json\/wp\/v2\/comments?post=699"}],"version-history":[{"count":3,"href":"https:\/\/amaya.photos\/index.php\/wp-json\/wp\/v2\/posts\/699\/revisions"}],"predecessor-version":[{"id":997,"href":"https:\/\/amaya.photos\/index.php\/wp-json\/wp\/v2\/posts\/699\/revisions\/997"}],"wp:featuredmedia":[{"embeddable":true,"href":"https:\/\/amaya.photos\/index.php\/wp-json\/wp\/v2\/media\/703"}],"wp:attachment":[{"href":"https:\/\/amaya.photos\/index.php\/wp-json\/wp\/v2\/media?parent=699"}],"wp:term":[{"taxonomy":"category","embeddable":true,"href":"https:\/\/amaya.photos\/index.php\/wp-json\/wp\/v2\/categories?post=699"},{"taxonomy":"post_tag","embeddable":true,"href":"https:\/\/amaya.photos\/index.php\/wp-json\/wp\/v2\/tags?post=699"}],"curies":[{"name":"wp","href":"https:\/\/api.w.org\/{rel}","templated":true}]}}